{"id":827,"date":"2019-07-19T09:19:41","date_gmt":"2019-07-19T07:19:41","guid":{"rendered":"http:\/\/globaltext.workon.studio\/?p=827"},"modified":"2025-02-21T09:24:08","modified_gmt":"2025-02-21T08:24:08","slug":"tvasprakighet-gor-dig-kreativ","status":"publish","type":"post","link":"https:\/\/globaltext.se\/en\/tvasprakighet-gor-dig-kreativ\/","title":{"rendered":"Tv\u00e5spr\u00e5kighet g\u00f6r dig kreativ"},"content":{"rendered":"<p>Sommaren st\u00e5r f\u00f6r d\u00f6rren och v\u00e5ra svenska st\u00e4der fylls med m\u00e4nniskor fr\u00e5n andra l\u00e4nder och vi sj\u00e4lva kanske \u00e5ker utomlands. En utlandssemester \u00e4r en perfekt chans att f\u00e5 anv\u00e4ndning f\u00f6r spr\u00e5kkunskaper i ett andra eller tredje spr\u00e5k.<\/p>\n<p>Vad finns det d\u00e5 f\u00f6r f\u00f6rdelar med att kunna flera spr\u00e5k? Det s\u00e4gs att kunskaper i ett andraspr\u00e5k \u00f6kar kreativiteten. Kreativitet handlar om en f\u00f6rm\u00e5ga att se ovanliga samband, t\u00e4nka p\u00e5 ett nytt s\u00e4tt och hitta nya l\u00f6sningar. Hur kunskaper i flera spr\u00e5k och kreativitet samverkar \u00e4r inte riktigt fastst\u00e4llt \u00e4nnu men forskarna menar att om man kan flera spr\u00e5k flytande st\u00e5r man i kontakt med flera spr\u00e5ksystem samtidigt.<\/p>\n<p>Dessa spr\u00e5ksystem f\u00f6rs\u00f6ker hela tiden att inkr\u00e4kta p\u00e5 varandra och hj\u00e4rnan m\u00e5ste d\u00e5 st\u00e4ndigt sortera och blockera de spr\u00e5ksystem som inte anv\u00e4nds f\u00f6r tillf\u00e4llet. Tv\u00e5spr\u00e5kiga har d\u00e4rf\u00f6r en b\u00e4ttre f\u00f6rm\u00e5ga att byta fokus mellan olika uppgifter, st\u00e4nga ute distraktioner och h\u00e5lla ny information i minnet. Dessutom kommer tv\u00e5spr\u00e5kiga, genom sina spr\u00e5kstudier, i kontakt med kulturer, v\u00e4rderingar och traditioner som skiljer sig fr\u00e5n hemlandets, och de ser d\u00e5 v\u00e4rlden fr\u00e5n ett nytt perspektiv.<\/p>\n<p>Spr\u00e5k handlar i f\u00f6rsta hand om att kommunicera, och det viktigaste n\u00e4r man l\u00e4r sig ett nytt spr\u00e5k \u00e4r inte att tala spr\u00e5ket korrekt grammatiskt. Sj\u00e4lvklart \u00e4r det viktigt att anv\u00e4nda ett spr\u00e5k grammatiskt korrekt, men grammatiken \u00e4r fr\u00e4mst ett verktyg f\u00f6r att g\u00f6ra sig f\u00f6rst\u00e5dd.Vad g\u00e4ller kreativitet \u00e4r detta en viktig po\u00e4ng \u2013 just \u00f6verf\u00f6ringen av betydelser b\u00f6r vara det fr\u00e4msta m\u00e5let n\u00e4r man talar ett fr\u00e4mmande spr\u00e5k men det \u00e4r ocks\u00e5 den st\u00f6rsta p\u00e5drivande faktorn f\u00f6r kreativitet eftersom det tvingar oss att t\u00e4nka annorlunda.<\/p>\n<p>L\u00e4s mer om om oss p\u00e5\u00a0<a href=\"http:\/\/old.globaltext.se\/\">Global Text<\/a>\u00a0\u00f6vers\u00e4ttningsbyr\u00e5.<\/p>\n","protected":false},"excerpt":{"rendered":"<p>Sommaren st\u00e5r f\u00f6r d\u00f6rren och v\u00e5ra svenska st\u00e4der fylls med m\u00e4nniskor fr\u00e5n andra l\u00e4nder och vi sj\u00e4lva kanske \u00e5ker utomlands. En utlandssemester \u00e4r en perfekt chans att f\u00e5 anv\u00e4ndning f\u00f6r spr\u00e5kkunskaper i ett andra eller tredje spr\u00e5k. Vad finns det d\u00e5 f\u00f6r f\u00f6rdelar med att kunna flera spr\u00e5k? Det s\u00e4gs att kunskaper i ett andraspr\u00e5k [&hellip;]<\/p>\n","protected":false},"author":6,"featured_media":0,"comment_status":"open","ping_status":"open","sticky":false,"template":"","format":"standard","meta":{"_acf_changed":false,"inline_featured_image":false,"footnotes":""},"categories":[1],"tags":[],"class_list":["post-827","post","type-post","status-publish","format-standard","hentry","category-bez-kategorii"],"acf":[],"yoast_head":"<!-- This site is optimized with the Yoast SEO plugin v22.4 - https:\/\/yoast.com\/wordpress\/plugins\/seo\/ -->\n<title>Tv\u00e5spr\u00e5kighet g\u00f6r dig kreativ - Global Text<\/title>\n<meta name=\"description\" content=\"Vad finns det d\u00e5 f\u00f6r f\u00f6rdelar med att kunna flera spr\u00e5k? Det s\u00e4gs att kunskaper i ett andraspr\u00e5k \u00f6kar kreativiteten. Kreativitet handlar om en f\u00f6rm\u00e5ga att se ovanliga samband, t\u00e4nka p\u00e5 ett nytt s\u00e4tt och hitta nya l\u00f6sningar.\" \/>\n<meta name=\"robots\" content=\"index, follow, max-snippet:-1, max-image-preview:large, max-video-preview:-1\" \/>\n<link rel=\"canonical\" href=\"https:\/\/globaltext.se\/en\/tvasprakighet-gor-dig-kreativ\/\" \/>\n<meta property=\"og:locale\" content=\"en_US\" \/>\n<meta property=\"og:type\" content=\"article\" \/>\n<meta property=\"og:title\" content=\"Tv\u00e5spr\u00e5kighet g\u00f6r dig kreativ - Global Text\" \/>\n<meta property=\"og:description\" content=\"Vad finns det d\u00e5 f\u00f6r f\u00f6rdelar med att kunna flera spr\u00e5k? Det s\u00e4gs att kunskaper i ett andraspr\u00e5k \u00f6kar kreativiteten. Kreativitet handlar om en f\u00f6rm\u00e5ga att se ovanliga samband, t\u00e4nka p\u00e5 ett nytt s\u00e4tt och hitta nya l\u00f6sningar.\" \/>\n<meta property=\"og:url\" content=\"https:\/\/globaltext.se\/en\/tvasprakighet-gor-dig-kreativ\/\" \/>\n<meta property=\"og:site_name\" content=\"Global Text\" \/>\n<meta property=\"article:published_time\" content=\"2019-07-19T07:19:41+00:00\" \/>\n<meta property=\"article:modified_time\" content=\"2025-02-21T08:24:08+00:00\" \/>\n<meta name=\"author\" content=\"Allan\" \/>\n<meta name=\"twitter:card\" content=\"summary_large_image\" \/>\n<meta name=\"twitter:label1\" content=\"Written by\" \/>\n\t<meta name=\"twitter:data1\" content=\"Allan\" \/>\n\t<meta name=\"twitter:label2\" content=\"Est. reading time\" \/>\n\t<meta name=\"twitter:data2\" content=\"2 minutes\" \/>\n<script type=\"application\/ld+json\" class=\"yoast-schema-graph\">{\"@context\":\"https:\/\/schema.org\",\"@graph\":[{\"@type\":\"WebPage\",\"@id\":\"https:\/\/globaltext.se\/en\/tvasprakighet-gor-dig-kreativ\/\",\"url\":\"https:\/\/globaltext.se\/en\/tvasprakighet-gor-dig-kreativ\/\",\"name\":\"Tv\u00e5spr\u00e5kighet g\u00f6r dig kreativ - Global Text\",\"isPartOf\":{\"@id\":\"https:\/\/globaltext.se\/en\/#website\"},\"datePublished\":\"2019-07-19T07:19:41+00:00\",\"dateModified\":\"2025-02-21T08:24:08+00:00\",\"author\":{\"@id\":\"https:\/\/globaltext.se\/en\/#\/schema\/person\/6f213f04ddfd6d39eb8a893c17b80062\"},\"description\":\"Vad finns det d\u00e5 f\u00f6r f\u00f6rdelar med att kunna flera spr\u00e5k? Det s\u00e4gs att kunskaper i ett andraspr\u00e5k \u00f6kar kreativiteten. Kreativitet handlar om en f\u00f6rm\u00e5ga att se ovanliga samband, t\u00e4nka p\u00e5 ett nytt s\u00e4tt och hitta nya l\u00f6sningar.\",\"breadcrumb\":{\"@id\":\"https:\/\/globaltext.se\/en\/tvasprakighet-gor-dig-kreativ\/#breadcrumb\"},\"inLanguage\":\"en-US\",\"potentialAction\":[{\"@type\":\"ReadAction\",\"target\":[\"https:\/\/globaltext.se\/en\/tvasprakighet-gor-dig-kreativ\/\"]}]},{\"@type\":\"BreadcrumbList\",\"@id\":\"https:\/\/globaltext.se\/en\/tvasprakighet-gor-dig-kreativ\/#breadcrumb\",\"itemListElement\":[{\"@type\":\"ListItem\",\"position\":1,\"name\":\"Home\",\"item\":\"https:\/\/globaltext.se\/en\/\"},{\"@type\":\"ListItem\",\"position\":2,\"name\":\"Tv\u00e5spr\u00e5kighet g\u00f6r dig kreativ\"}]},{\"@type\":\"WebSite\",\"@id\":\"https:\/\/globaltext.se\/en\/#website\",\"url\":\"https:\/\/globaltext.se\/en\/\",\"name\":\"Global Text\",\"description\":\"Global Text \u00f6vers\u00e4ttningar: \u00d6vers\u00e4ttningsbyr\u00e5 i Stockholm\",\"potentialAction\":[{\"@type\":\"SearchAction\",\"target\":{\"@type\":\"EntryPoint\",\"urlTemplate\":\"https:\/\/globaltext.se\/en\/?s={search_term_string}\"},\"query-input\":\"required name=search_term_string\"}],\"inLanguage\":\"en-US\"},{\"@type\":\"Person\",\"@id\":\"https:\/\/globaltext.se\/en\/#\/schema\/person\/6f213f04ddfd6d39eb8a893c17b80062\",\"name\":\"Allan\",\"image\":{\"@type\":\"ImageObject\",\"inLanguage\":\"en-US\",\"@id\":\"https:\/\/globaltext.se\/en\/#\/schema\/person\/image\/\",\"url\":\"https:\/\/secure.gravatar.com\/avatar\/922465bf9bc4178024fac13b9c547147f34cc6bb6dce240750d9f8df136a01de?s=96&d=mm&r=g\",\"contentUrl\":\"https:\/\/secure.gravatar.com\/avatar\/922465bf9bc4178024fac13b9c547147f34cc6bb6dce240750d9f8df136a01de?s=96&d=mm&r=g\",\"caption\":\"Allan\"},\"url\":\"https:\/\/globaltext.se\/en\/author\/allan\/\"}]}<\/script>\n<!-- \/ Yoast SEO plugin. -->","yoast_head_json":{"title":"Tv\u00e5spr\u00e5kighet g\u00f6r dig kreativ - Global Text","description":"Vad finns det d\u00e5 f\u00f6r f\u00f6rdelar med att kunna flera spr\u00e5k? Det s\u00e4gs att kunskaper i ett andraspr\u00e5k \u00f6kar kreativiteten. Kreativitet handlar om en f\u00f6rm\u00e5ga att se ovanliga samband, t\u00e4nka p\u00e5 ett nytt s\u00e4tt och hitta nya l\u00f6sningar.","robots":{"index":"index","follow":"follow","max-snippet":"max-snippet:-1","max-image-preview":"max-image-preview:large","max-video-preview":"max-video-preview:-1"},"canonical":"https:\/\/globaltext.se\/en\/tvasprakighet-gor-dig-kreativ\/","og_locale":"en_US","og_type":"article","og_title":"Tv\u00e5spr\u00e5kighet g\u00f6r dig kreativ - Global Text","og_description":"Vad finns det d\u00e5 f\u00f6r f\u00f6rdelar med att kunna flera spr\u00e5k? Det s\u00e4gs att kunskaper i ett andraspr\u00e5k \u00f6kar kreativiteten. Kreativitet handlar om en f\u00f6rm\u00e5ga att se ovanliga samband, t\u00e4nka p\u00e5 ett nytt s\u00e4tt och hitta nya l\u00f6sningar.","og_url":"https:\/\/globaltext.se\/en\/tvasprakighet-gor-dig-kreativ\/","og_site_name":"Global Text","article_published_time":"2019-07-19T07:19:41+00:00","article_modified_time":"2025-02-21T08:24:08+00:00","author":"Allan","twitter_card":"summary_large_image","twitter_misc":{"Written by":"Allan","Est. reading time":"2 minutes"},"schema":{"@context":"https:\/\/schema.org","@graph":[{"@type":"WebPage","@id":"https:\/\/globaltext.se\/en\/tvasprakighet-gor-dig-kreativ\/","url":"https:\/\/globaltext.se\/en\/tvasprakighet-gor-dig-kreativ\/","name":"Tv\u00e5spr\u00e5kighet g\u00f6r dig kreativ - Global Text","isPartOf":{"@id":"https:\/\/globaltext.se\/en\/#website"},"datePublished":"2019-07-19T07:19:41+00:00","dateModified":"2025-02-21T08:24:08+00:00","author":{"@id":"https:\/\/globaltext.se\/en\/#\/schema\/person\/6f213f04ddfd6d39eb8a893c17b80062"},"description":"Vad finns det d\u00e5 f\u00f6r f\u00f6rdelar med att kunna flera spr\u00e5k? Det s\u00e4gs att kunskaper i ett andraspr\u00e5k \u00f6kar kreativiteten. Kreativitet handlar om en f\u00f6rm\u00e5ga att se ovanliga samband, t\u00e4nka p\u00e5 ett nytt s\u00e4tt och hitta nya l\u00f6sningar.","breadcrumb":{"@id":"https:\/\/globaltext.se\/en\/tvasprakighet-gor-dig-kreativ\/#breadcrumb"},"inLanguage":"en-US","potentialAction":[{"@type":"ReadAction","target":["https:\/\/globaltext.se\/en\/tvasprakighet-gor-dig-kreativ\/"]}]},{"@type":"BreadcrumbList","@id":"https:\/\/globaltext.se\/en\/tvasprakighet-gor-dig-kreativ\/#breadcrumb","itemListElement":[{"@type":"ListItem","position":1,"name":"Home","item":"https:\/\/globaltext.se\/en\/"},{"@type":"ListItem","position":2,"name":"Tv\u00e5spr\u00e5kighet g\u00f6r dig kreativ"}]},{"@type":"WebSite","@id":"https:\/\/globaltext.se\/en\/#website","url":"https:\/\/globaltext.se\/en\/","name":"Global Text","description":"Global Text \u00f6vers\u00e4ttningar: \u00d6vers\u00e4ttningsbyr\u00e5 i Stockholm","potentialAction":[{"@type":"SearchAction","target":{"@type":"EntryPoint","urlTemplate":"https:\/\/globaltext.se\/en\/?s={search_term_string}"},"query-input":"required name=search_term_string"}],"inLanguage":"en-US"},{"@type":"Person","@id":"https:\/\/globaltext.se\/en\/#\/schema\/person\/6f213f04ddfd6d39eb8a893c17b80062","name":"Allan","image":{"@type":"ImageObject","inLanguage":"en-US","@id":"https:\/\/globaltext.se\/en\/#\/schema\/person\/image\/","url":"https:\/\/secure.gravatar.com\/avatar\/922465bf9bc4178024fac13b9c547147f34cc6bb6dce240750d9f8df136a01de?s=96&d=mm&r=g","contentUrl":"https:\/\/secure.gravatar.com\/avatar\/922465bf9bc4178024fac13b9c547147f34cc6bb6dce240750d9f8df136a01de?s=96&d=mm&r=g","caption":"Allan"},"url":"https:\/\/globaltext.se\/en\/author\/allan\/"}]}},"_links":{"self":[{"href":"https:\/\/globaltext.se\/en\/wp-json\/wp\/v2\/posts\/827","targetHints":{"allow":["GET"]}}],"collection":[{"href":"https:\/\/globaltext.se\/en\/wp-json\/wp\/v2\/posts"}],"about":[{"href":"https:\/\/globaltext.se\/en\/wp-json\/wp\/v2\/types\/post"}],"author":[{"embeddable":true,"href":"https:\/\/globaltext.se\/en\/wp-json\/wp\/v2\/users\/6"}],"replies":[{"embeddable":true,"href":"https:\/\/globaltext.se\/en\/wp-json\/wp\/v2\/comments?post=827"}],"version-history":[{"count":1,"href":"https:\/\/globaltext.se\/en\/wp-json\/wp\/v2\/posts\/827\/revisions"}],"predecessor-version":[{"id":2926,"href":"https:\/\/globaltext.se\/en\/wp-json\/wp\/v2\/posts\/827\/revisions\/2926"}],"wp:attachment":[{"href":"https:\/\/globaltext.se\/en\/wp-json\/wp\/v2\/media?parent=827"}],"wp:term":[{"taxonomy":"category","embeddable":true,"href":"https:\/\/globaltext.se\/en\/wp-json\/wp\/v2\/categories?post=827"},{"taxonomy":"post_tag","embeddable":true,"href":"https:\/\/globaltext.se\/en\/wp-json\/wp\/v2\/tags?post=827"}],"curies":[{"name":"wp","href":"https:\/\/api.w.org\/{rel}","templated":true}]}}